{"id":1060,"date":"2015-06-28T19:07:32","date_gmt":"2015-06-28T17:07:32","guid":{"rendered":"http:\/\/rewisco.com\/?p=1060"},"modified":"2024-12-09T12:37:10","modified_gmt":"2024-12-09T11:37:10","slug":"neue-transparenzvorschriften-fuer-besitzer-von-inhaberaktien-zum-1-juli-2015-2","status":"publish","type":"post","link":"https:\/\/rewisco.com\/en\/2015\/06\/28\/neue-transparenzvorschriften-fuer-besitzer-von-inhaberaktien-zum-1-juli-2015-2\/","title":{"rendered":"Neue Transparenzvorschriften f\u00fcr Besitzer von Inhaberaktien zum 1. Juli 2015"},"content":{"rendered":"<p><span style=\"font-family: arial, helvetica, sans-serif;\">Die neuen Transparenzvorschriften f\u00fcr Besitzer von Inhaberaktien treten per 1.\u00a0Juli 2015 in Kraft.<\/span><\/p>\n<p><span style=\"font-family: arial, helvetica, sans-serif;\">Wer Inhaberaktien einer Gesellschaft erwirbt, deren Aktien nicht an einer B\u00f6rse kotiert sind, muss den Erwerb, seinen Vor- und seinen Nachnamen oder seine Firma sowie seine Adresse innert Monatsfrist der Gesellschaft melden. Der Aktion\u00e4r hat den Besitz der Inhaberaktien nachzuweisen und sich zu identifizieren.<\/span><\/p>\n<p><span style=\"font-family: arial, helvetica, sans-serif;\">Wer allein oder in gemeinsamer Absprache mit Dritten Aktien einer Gesellschaft, deren Aktien nicht an einer B\u00f6rse kotiert sind, erwirbt und dadurch den Grenzwert von 25 Prozent des Aktienkapitals oder der Stimmen erreicht oder \u00fcberschreitet, muss der Gesellschaft innert Monatsfrist den Vor- und den Nachnamen und die Adresse der nat\u00fcrlichen Person melden, f\u00fcr die er letztendlich handelt (wirtschaftlich berechtigte Person).<\/span><\/p>\n<p><span style=\"font-family: arial, helvetica, sans-serif;\">Die Meldepflicht besteht nicht, wenn die Inhaberaktien nach dem als Bucheffekten ausgestaltet, mit Verwahrungsstelle in der Schweiz sind.<\/span><\/p>\n<p><span style=\"font-family: arial, helvetica, sans-serif;\">Solange der Aktion\u00e4r seinen Meldepflichten nicht nachgekommen ist, ruhen die Mitgliedschaftsrechte, die mit den Aktien verbunden sind, deren Erwerb gemeldet werden muss. Die Verm\u00f6gensrechte, die mit solchen Aktien verbunden sind, kann der Aktion\u00e4r erst geltend machen, wenn er seinen Meldepflichten nachgekommen ist.<\/span><\/p>\n<p><span style=\"font-family: arial, helvetica, sans-serif;\">Der Verwaltungsrat stellt sicher, dass keine Aktion\u00e4re unter Verletzung der Meldepflichten ihre Rechte aus\u00fcben.<\/span><\/p>\n<p><span style=\"font-family: arial, helvetica, sans-serif;\">Die Generalversammlung kann vorsehen, dass die Meldungen nach den Artikeln 697i und 697j, die Inhaberaktien betreffen, nicht der Gesellschaft zu erstatten sind, sondern einem Finanzintermedi\u00e4r im Sinne des Geldw\u00e4schereigesetzes. Die Gesellschaft f\u00fchrt ein Verzeichnis \u00fcber die Inhaberaktion\u00e4re sowie \u00fcber die der Gesellschaft gemeldeten wirtschaftlich berechtigten Personen. Mutationen bei diesen Angaben m\u00fcssen durch die Aktion\u00e4re der Gesellschaft gemeldet werden.<\/span><\/p>\n<p><span style=\"font-family: arial, helvetica, sans-serif;\">Die genauen Bestimmungen sind im Schweizerischen Obligationenrecht von Art. 697i bis Art. 697m mit G\u00fcltigkeit zum 1. Juli 2015 nachzulesen.<\/span><\/p>\n<p><span style=\"font-family: arial, helvetica, sans-serif;\">\u00c4hnliche Bestimmungen gelten f\u00fcr Gesellschaften mit Beschr\u00e4nkter Haftung (GmbH) Art. 790a OR sowie f\u00fcr die Genossenschaften Art. 837 OR, welche zum gleichen Zeitpunkt in Kraft treten.<\/span><\/p>","protected":false},"excerpt":{"rendered":"<p>Die neuen Transparenzvorschriften f\u00fcr Besitzer von Inhaberaktien treten per 1.\u00a0Juli 2015 in Kraft. Wer Inhaberaktien einer Gesellschaft erwirbt, deren Aktien nicht an einer B\u00f6rse kotiert sind, muss den Erwerb, seinen Vor- und seinen Nachnamen oder seine Firma sowie seine Adresse innert Monatsfrist der Gesellschaft melden. Der Aktion\u00e4r hat den Besitz der Inhaberaktien nachzuweisen und sich&#8230;<\/p>","protected":false},"author":2,"featured_media":0,"comment_status":"closed","ping_status":"closed","sticky":false,"template":"","format":"standard","meta":{"footnotes":""},"categories":[148,147,146,145],"tags":[],"class_list":["post-1060","post","type-post","status-publish","format-standard","hentry","category-personnel-administration","category-taxes","category-unkategorisiert","category-corporates-and-foundations"],"_links":{"self":[{"href":"https:\/\/rewisco.com\/en\/wp-json\/wp\/v2\/posts\/1060","targetHints":{"allow":["GET"]}}],"collection":[{"href":"https:\/\/rewisco.com\/en\/wp-json\/wp\/v2\/posts"}],"about":[{"href":"https:\/\/rewisco.com\/en\/wp-json\/wp\/v2\/types\/post"}],"author":[{"embeddable":true,"href":"https:\/\/rewisco.com\/en\/wp-json\/wp\/v2\/users\/2"}],"replies":[{"embeddable":true,"href":"https:\/\/rewisco.com\/en\/wp-json\/wp\/v2\/comments?post=1060"}],"version-history":[{"count":1,"href":"https:\/\/rewisco.com\/en\/wp-json\/wp\/v2\/posts\/1060\/revisions"}],"predecessor-version":[{"id":7337,"href":"https:\/\/rewisco.com\/en\/wp-json\/wp\/v2\/posts\/1060\/revisions\/7337"}],"wp:attachment":[{"href":"https:\/\/rewisco.com\/en\/wp-json\/wp\/v2\/media?parent=1060"}],"wp:term":[{"taxonomy":"category","embeddable":true,"href":"https:\/\/rewisco.com\/en\/wp-json\/wp\/v2\/categories?post=1060"},{"taxonomy":"post_tag","embeddable":true,"href":"https:\/\/rewisco.com\/en\/wp-json\/wp\/v2\/tags?post=1060"}],"curies":[{"name":"wp","href":"https:\/\/api.w.org\/{rel}","templated":true}]}}