{"id":1062,"date":"2015-08-18T19:09:18","date_gmt":"2015-08-18T17:09:18","guid":{"rendered":"http:\/\/rewisco.com\/?p=1062"},"modified":"2024-12-09T12:37:06","modified_gmt":"2024-12-09T11:37:06","slug":"einfuehrung-der-europaeischen-erbrechtsverordnung-2","status":"publish","type":"post","link":"https:\/\/rewisco.com\/en\/2015\/08\/18\/einfuehrung-der-europaeischen-erbrechtsverordnung-2\/","title":{"rendered":"Einf\u00fchrung der Europ\u00e4ischen Erbrechtsverordnung"},"content":{"rendered":"<p><span style=\"font-family: arial, helvetica, sans-serif;\">Am 17. August 2015 ist die Europ\u00e4ische Erbrechtsverordnung (Verordnung EU Nr. 650\/2012, EU-ErbVO) in Kraft getreten. Diese regelt welches Erbrecht auf einem internationalen Erbfall f\u00fcr EU-B\u00fcrger, mit Ausnahme zum heutigen Zeitpunkt der B\u00fcrger von D\u00e4nemark, Irland und dem Vereinigten K\u00f6nigsreich, anzuwenden ist. Ab diesem Datum unterliegt die gesamte Rechtsnachfolge des betroffenen EU-B\u00fcrgers von Todes wegen dem Recht des Staates, in dem der Erblasser zum Zeitpunkt seines Todes seinen letzten gew\u00f6hnlichen Aufenthalt hatte.<\/span><\/p>\n<p><span style=\"font-family: arial, helvetica, sans-serif;\">Wer als betroffener EU-B\u00fcrger seinen gew\u00f6hnlichen Aufenthalt im EU-Ausland hat, aber dennoch im Fall seines Todes das Erbrecht des Landes anwenden m\u00f6chte dessen Staatsangeh\u00f6rigkeit er besitzt, muss k\u00fcnftig je nach EU-Land eine entsprechende Rechtswahl in der Form eines Nachlasszeugnisses oder bspw. erg\u00e4nzend bei einer Verf\u00fcgung von Todes wegen (Testament), treffen.<\/span><\/p>\n<p><span style=\"font-family: arial, helvetica, sans-serif;\">Aus Rechtssicherheitsgr\u00fcnden ist eine ausdr\u00fcckliche Wahl zu empfehlen.<\/span><\/p>\n<p><span style=\"font-family: arial, helvetica, sans-serif;\">F\u00fcr EU-B\u00fcrger mit gew\u00f6hnlichem Aufenthalt in der Schweiz oder einem anderen Nicht-EU-Land und im Eigentum von insbesondere unbeweglichem Verm\u00f6gen in den betroffenen EU-L\u00e4ndern, k\u00f6nnen im Erbfall entsprechende erbrechtliche Komplikationen auftreten. In diesem Zusammenhang kann eine Ver\u00e4usserung oder Umstrukturierung dieser Verm\u00f6genswerte zu Lebzeiten sinnvoll sein.<\/span><\/p>","protected":false},"excerpt":{"rendered":"<p>Am 17. August 2015 ist die Europ\u00e4ische Erbrechtsverordnung (Verordnung EU Nr. 650\/2012, EU-ErbVO) in Kraft getreten. Diese regelt welches Erbrecht auf einem internationalen Erbfall f\u00fcr EU-B\u00fcrger, mit Ausnahme zum heutigen Zeitpunkt der B\u00fcrger von D\u00e4nemark, Irland und dem Vereinigten K\u00f6nigsreich, anzuwenden ist. Ab diesem Datum unterliegt die gesamte Rechtsnachfolge des betroffenen EU-B\u00fcrgers von Todes wegen&#8230;<\/p>","protected":false},"author":2,"featured_media":0,"comment_status":"closed","ping_status":"closed","sticky":false,"template":"","format":"standard","meta":{"footnotes":""},"categories":[148,147],"tags":[],"class_list":["post-1062","post","type-post","status-publish","format-standard","hentry","category-personnel-administration","category-taxes"],"_links":{"self":[{"href":"https:\/\/rewisco.com\/en\/wp-json\/wp\/v2\/posts\/1062","targetHints":{"allow":["GET"]}}],"collection":[{"href":"https:\/\/rewisco.com\/en\/wp-json\/wp\/v2\/posts"}],"about":[{"href":"https:\/\/rewisco.com\/en\/wp-json\/wp\/v2\/types\/post"}],"author":[{"embeddable":true,"href":"https:\/\/rewisco.com\/en\/wp-json\/wp\/v2\/users\/2"}],"replies":[{"embeddable":true,"href":"https:\/\/rewisco.com\/en\/wp-json\/wp\/v2\/comments?post=1062"}],"version-history":[{"count":1,"href":"https:\/\/rewisco.com\/en\/wp-json\/wp\/v2\/posts\/1062\/revisions"}],"predecessor-version":[{"id":7336,"href":"https:\/\/rewisco.com\/en\/wp-json\/wp\/v2\/posts\/1062\/revisions\/7336"}],"wp:attachment":[{"href":"https:\/\/rewisco.com\/en\/wp-json\/wp\/v2\/media?parent=1062"}],"wp:term":[{"taxonomy":"category","embeddable":true,"href":"https:\/\/rewisco.com\/en\/wp-json\/wp\/v2\/categories?post=1062"},{"taxonomy":"post_tag","embeddable":true,"href":"https:\/\/rewisco.com\/en\/wp-json\/wp\/v2\/tags?post=1062"}],"curies":[{"name":"wp","href":"https:\/\/api.w.org\/{rel}","templated":true}]}}