{"id":1072,"date":"2015-12-18T19:11:01","date_gmt":"2015-12-18T18:11:01","guid":{"rendered":"http:\/\/rewisco.com\/?p=1072"},"modified":"2024-12-09T12:36:45","modified_gmt":"2024-12-09T11:36:45","slug":"mitarbeiter-mit-geschaeftsfahrzeug-fabi-tritt-ab-1-1-2016-in-kraft","status":"publish","type":"post","link":"https:\/\/rewisco.com\/en\/2015\/12\/18\/mitarbeiter-mit-geschaeftsfahrzeug-fabi-tritt-ab-1-1-2016-in-kraft\/","title":{"rendered":"Mitarbeiter mit Gesch\u00e4ftsfahrzeug: FABI tritt ab 1.1.2016 in Kraft"},"content":{"rendered":"<p><span style=\"font-family: arial, helvetica, sans-serif;\">Von FABI (Finanzierung und Ausbau der Bahninfrastruktur &#8211; FABI) sind Arbeitnehmer \/ Mitarbeiter mit Gesch\u00e4ftsfahrzeugen betroffen. Diese d\u00fcrfen k\u00fcnftig f\u00fcr berufsbedingten Fahrkosten bei der direkten Bundessteuer maximal CHF 3\u2018000.00 vom steuerbaren Jahreseinkommen in der Steuererkl\u00e4rung geltend machen. Die Kosten f\u00fcr regionale Verbundabonnemente, f\u00fcr ein 2.-Klasse-Generalabonnement oder das Pendeln mit dem Auto bleiben in diesem Rahmen abzugsf\u00e4hig.<\/span><\/p>\n<p><span style=\"font-family: arial, helvetica, sans-serif;\">Die Ausgestaltung der Abzugsf\u00e4higkeit der berufsbedingten Fahrkosten bei den kantonalen Steuern liegt in der Kompetenz der Kantone.<\/span><\/p>\n<p><span style=\"font-family: arial, helvetica, sans-serif;\">Mitarbeiter mit Gesch\u00e4ftsfahrzeugen wird bei der Direkten Bundessteuer und in einigen Kantonen die Differenz zwischen dem theoretischen Arbeitsweg-Abzug und der FABI-Pendler-Pauschale als Erwerbseinkommen aufgerechnet. Dies ist der Fall, wenn der Mitarbeiter gegebenenefalls nicht zuerst von zu Hause zum Arbeitsort, sondern direkt zum Kunden f\u00e4hrt. Diese Fahrten werden nicht als Arbeitsweg ber\u00fccksichtigt. Entsprechend wird der Arbeitsweg um diese Tage gek\u00fcrzt.<\/span><\/p>\n<p><span style=\"color: #000000; font-family: arial, helvetica, sans-serif;\">Im Lohnausweis unter Ziffer 15 ist durch den Arbeitgeber bez\u00fcglich Arbeitsweg \u00abeffektiv\u00bb oder \u00abpauschal\u00bb explizit wie folgt anzugeben (<a style=\"color: #000000;\" href=\"https:\/\/www.estv.admin.ch\/dam\/estv\/de\/dokumente\/allgemein\/Dokumentation\/mitteilungen\/Mitteilung-002-D-2016.pdf.download.pdf\/Mitteilung-002-D-2016-d.pdf\" target=\"_blank\" rel=\"noopener\">Mitteilung<\/a>):<\/span><br \/>\n<span style=\"font-family: arial, helvetica, sans-serif;\"><strong>effektiv:<\/strong> <strong>Anteil Aussendienst XX % effektiv <\/strong>(Nachweis ist zu erbringen, bspw. durch Fahrtenbuch).<\/span><br \/>\n<span style=\"color: #000000; font-family: arial, helvetica, sans-serif;\"><strong> pauschal:<\/strong> <strong>Anteil Aussendienst XX % pauschal nach Funktions-\/<span style=\"color: #000000;\">Berufsgruppenliste <\/span><\/strong>(<a style=\"color: #000000;\" href=\"https:\/\/www.estv.admin.ch\/dam\/estv\/de\/dokumente\/allgemein\/Dokumentation\/mitteilungen\/Mitteilung-002-D-2016_Beilage.pdf.download.pdf\/Mitteilung-002-D-2016-d_Beilage.pdf\" target=\"_blank\" rel=\"noopener\">Beilage<\/a>)<strong>. <\/strong><\/span><\/p>\n<p><span style=\"font-family: arial, helvetica, sans-serif;\">F\u00fcr diesbez\u00fcgliche Fragen stehen wir Ihnen gerne zur Verf\u00fcgung.<\/span><\/p>","protected":false},"excerpt":{"rendered":"<p>Von FABI (Finanzierung und Ausbau der Bahninfrastruktur &#8211; FABI) sind Arbeitnehmer \/ Mitarbeiter mit Gesch\u00e4ftsfahrzeugen betroffen. Diese d\u00fcrfen k\u00fcnftig f\u00fcr berufsbedingten Fahrkosten bei der direkten Bundessteuer maximal CHF 3\u2018000.00 vom steuerbaren Jahreseinkommen in der Steuererkl\u00e4rung geltend machen. Die Kosten f\u00fcr regionale Verbundabonnemente, f\u00fcr ein 2.-Klasse-Generalabonnement oder das Pendeln mit dem Auto bleiben in diesem Rahmen&#8230;<\/p>","protected":false},"author":2,"featured_media":0,"comment_status":"closed","ping_status":"closed","sticky":false,"template":"","format":"standard","meta":{"footnotes":""},"categories":[148],"tags":[],"class_list":["post-1072","post","type-post","status-publish","format-standard","hentry","category-personnel-administration"],"_links":{"self":[{"href":"https:\/\/rewisco.com\/en\/wp-json\/wp\/v2\/posts\/1072","targetHints":{"allow":["GET"]}}],"collection":[{"href":"https:\/\/rewisco.com\/en\/wp-json\/wp\/v2\/posts"}],"about":[{"href":"https:\/\/rewisco.com\/en\/wp-json\/wp\/v2\/types\/post"}],"author":[{"embeddable":true,"href":"https:\/\/rewisco.com\/en\/wp-json\/wp\/v2\/users\/2"}],"replies":[{"embeddable":true,"href":"https:\/\/rewisco.com\/en\/wp-json\/wp\/v2\/comments?post=1072"}],"version-history":[{"count":1,"href":"https:\/\/rewisco.com\/en\/wp-json\/wp\/v2\/posts\/1072\/revisions"}],"predecessor-version":[{"id":7330,"href":"https:\/\/rewisco.com\/en\/wp-json\/wp\/v2\/posts\/1072\/revisions\/7330"}],"wp:attachment":[{"href":"https:\/\/rewisco.com\/en\/wp-json\/wp\/v2\/media?parent=1072"}],"wp:term":[{"taxonomy":"category","embeddable":true,"href":"https:\/\/rewisco.com\/en\/wp-json\/wp\/v2\/categories?post=1072"},{"taxonomy":"post_tag","embeddable":true,"href":"https:\/\/rewisco.com\/en\/wp-json\/wp\/v2\/tags?post=1072"}],"curies":[{"name":"wp","href":"https:\/\/api.w.org\/{rel}","templated":true}]}}