{"id":1411,"date":"2020-03-19T17:08:05","date_gmt":"2020-03-19T16:08:05","guid":{"rendered":"http:\/\/rewisco.com\/?p=1411"},"modified":"2024-12-09T12:34:16","modified_gmt":"2024-12-09T11:34:16","slug":"corona-wir-sind-fuer-sie-da","status":"publish","type":"post","link":"https:\/\/rewisco.com\/en\/2020\/03\/19\/corona-wir-sind-fuer-sie-da\/","title":{"rendered":"Corona &#8211; Wir sind f\u00fcr Sie da"},"content":{"rendered":"<p><span style=\"font-family: arial, helvetica, sans-serif;\">Liebe Kunden und Gesch\u00e4ftspartner<\/span><br \/>\n<span style=\"font-family: arial, helvetica, sans-serif;\">Sehr geehrte Damen und Herren<\/span><\/p>\n<p><span style=\"font-family: arial, helvetica, sans-serif;\">Der Corona-Virus hat die Menschheit und Weltwirtschaft momentan fest im Griff und trifft uns alle drastisch und hart in unserem Alltag. Wir m\u00fcssen davon ausgehen, dass selbst nach dem zurzeit nicht wirklich absehbaren Ende der Quarant\u00e4nezeit, die Erholung der Wirtschaft aufgrund der in diesem Zusammenhang anstehenden Rezession l\u00e4nger andauern wird. Wir sind in Sorge zusammen mit unseren Kunden, die aufgrund von erkrankten Mitarbeitern, von staatlichen Zwangsmassnahmen geschlossene Betriebe und eingeschr\u00e4nkten Absatzm\u00e4rkten sowie Lieferengp\u00e4ssen stark gefordert sind, und sich mit aller Kraft bem\u00fchen, die Situation neben ihrem Privatleben unter Kontrolle zu halten und das Fortbestehen ihres Unternehmens und der Arbeitspl\u00e4tze zu sichern.<\/span><\/p>\n<p><span style=\"font-family: arial, helvetica, sans-serif;\">Auch wir haben unser Unternehmen auf die aktuelle Lage ausgerichtet und unterst\u00fctzen Sie in diesem schwierigen Zeiten uneingeschr\u00e4nkt und wie bisher weiterhin in ihrem Tagesgesch\u00e4ft als auch bei Antr\u00e4gen an staatliche Unterst\u00fctzung. Wir bleiben f\u00fcr Sie erreichbar.<\/span><\/p>\n<p><span style=\"font-family: arial, helvetica, sans-serif;\">In diesem Sinne w\u00fcnschen wir Ihnen, Ihren Lieben und Ihrem Unternehmen gute Gesundheit und viel Erfolg!<\/span><\/p>\n<p><span style=\"font-family: arial, helvetica, sans-serif;\">Freundliche Gr\u00fcsse<\/span><\/p>\n<p><span style=\"font-family: arial, helvetica, sans-serif;\">Freydun Michael Badri &#8211; Partner<\/span><\/p>\n<p><span style=\"font-family: arial, helvetica, sans-serif;\">Dipl. Wirtschaftspr\u00fcfer | Zugelassener Revisionsexperte<\/span><br \/>\n<span style=\"font-family: arial, helvetica, sans-serif;\">Dipl. Experte in Rechnungslegung &amp; Controlling<\/span><br \/>\n<span style=\"font-family: arial, helvetica, sans-serif;\">Fiduciary with federal certificate<\/span><\/p>","protected":false},"excerpt":{"rendered":"<p>Liebe Kunden und Gesch\u00e4ftspartner Sehr geehrte Damen und Herren Der Corona-Virus hat die Menschheit und Weltwirtschaft momentan fest im Griff und trifft uns alle drastisch und hart in unserem Alltag. Wir m\u00fcssen davon ausgehen, dass selbst nach dem zurzeit nicht wirklich absehbaren Ende der Quarant\u00e4nezeit, die Erholung der Wirtschaft aufgrund der in diesem Zusammenhang anstehenden&#8230;<\/p>","protected":false},"author":2,"featured_media":0,"comment_status":"closed","ping_status":"closed","sticky":false,"template":"","format":"standard","meta":{"footnotes":""},"categories":[148,2,147,146,145],"tags":[340,341,342,343,344,345,346,347,348,349,350,351,352,353,354,355,356,357,358,359],"class_list":["post-1411","post","type-post","status-publish","format-standard","hentry","category-personnel-administration","category-individuals-and-family-offices","category-taxes","category-unkategorisiert","category-corporates-and-foundations","tag-absatzmarkt","tag-arbeitsplaetze","tag-ausfuhrbeschraenkung","tag-ausreiseverbot","tag-betriebsschliessung","tag-corona","tag-corona-virus","tag-coronavirus","tag-einfuhrbeschraenkung","tag-einreiseverbot","tag-grenzgaenger","tag-kranke-mitarbeiter","tag-kurzarbeit","tag-lieferengpaesse","tag-pandemie","tag-quarantaene","tag-rezession","tag-staatliche-unterstuetzung","tag-weltwirtschaft","tag-zwangsmassnahmen"],"_links":{"self":[{"href":"https:\/\/rewisco.com\/en\/wp-json\/wp\/v2\/posts\/1411","targetHints":{"allow":["GET"]}}],"collection":[{"href":"https:\/\/rewisco.com\/en\/wp-json\/wp\/v2\/posts"}],"about":[{"href":"https:\/\/rewisco.com\/en\/wp-json\/wp\/v2\/types\/post"}],"author":[{"embeddable":true,"href":"https:\/\/rewisco.com\/en\/wp-json\/wp\/v2\/users\/2"}],"replies":[{"embeddable":true,"href":"https:\/\/rewisco.com\/en\/wp-json\/wp\/v2\/comments?post=1411"}],"version-history":[{"count":2,"href":"https:\/\/rewisco.com\/en\/wp-json\/wp\/v2\/posts\/1411\/revisions"}],"predecessor-version":[{"id":7308,"href":"https:\/\/rewisco.com\/en\/wp-json\/wp\/v2\/posts\/1411\/revisions\/7308"}],"wp:attachment":[{"href":"https:\/\/rewisco.com\/en\/wp-json\/wp\/v2\/media?parent=1411"}],"wp:term":[{"taxonomy":"category","embeddable":true,"href":"https:\/\/rewisco.com\/en\/wp-json\/wp\/v2\/categories?post=1411"},{"taxonomy":"post_tag","embeddable":true,"href":"https:\/\/rewisco.com\/en\/wp-json\/wp\/v2\/tags?post=1411"}],"curies":[{"name":"wp","href":"https:\/\/api.w.org\/{rel}","templated":true}]}}