{"id":603,"date":"2016-02-07T21:32:49","date_gmt":"2016-02-07T21:32:49","guid":{"rendered":"http:\/\/rewisco.com\/?p=603"},"modified":"2024-12-09T12:36:28","modified_gmt":"2024-12-09T11:36:28","slug":"steuerabzug-von-aus-und-weiterbildungskosten-ab-1-1-2016","status":"publish","type":"post","link":"https:\/\/rewisco.com\/en\/2016\/02\/07\/steuerabzug-von-aus-und-weiterbildungskosten-ab-1-1-2016\/","title":{"rendered":"Steuerabzug von Aus- und Weiterbildungskosten ab 1.1.2016"},"content":{"rendered":"<p><span style=\"font-family: arial, helvetica, sans-serif;\">Ab 1. Januar 2016 tritt das revidierte Bundesgesetz \u00fcber die steuerliche Behandlung berufsorientierter Aus- und Weiterbildungskosten in Kraft bei gleichzeitiger Anpassung der Berufskostenverordnung. Damit werden neu alle beruflichen Aus- und Weiterbildungskosten zum Abzug zugelassen. Wie bisher bleiben jedoch die Kosten f\u00fcr die Erstausbildung nicht abzugsf\u00e4hig.<\/span><\/p>\n<p><span style=\"font-family: arial, helvetica, sans-serif;\">Der Abzug f\u00fcr die Aus- und Weiterbildung betr\u00e4gt beim Bund maximal CHF 12&#8217;000 pro Steuerperiode. Die Kantone legen die Obergrenze f\u00fcr die kantonalen Steuern selbst fest. Der neue Abzug gilt nicht wie bis anhin nur f\u00fcr Weiterbildungskosten, sondern f\u00fcr alle beruflichen Aus-, Weiterbildungs- und Umschulungskosten. Die vom Arbeitgeber getragenen Kosten werden dem Arbeitnehmer nicht zum Lohn hinzugerechnet.<\/span><\/p>\n<p><span style=\"font-family: arial, helvetica, sans-serif;\">Bei diesbez\u00fcglichen Fragen stehen wir Ihnen gerne zur Verf\u00fcgung.<\/span><\/p>","protected":false},"excerpt":{"rendered":"<p>Ab 1. Januar 2016 tritt das revidierte Bundesgesetz \u00fcber die steuerliche Behandlung berufsorientierter Aus- und Weiterbildungskosten in Kraft bei gleichzeitiger Anpassung der Berufskostenverordnung. Damit werden neu alle beruflichen Aus- und Weiterbildungskosten zum Abzug zugelassen. Wie bisher bleiben jedoch die Kosten f\u00fcr die Erstausbildung nicht abzugsf\u00e4hig. Der Abzug f\u00fcr die Aus- und Weiterbildung betr\u00e4gt beim Bund&#8230;<\/p>","protected":false},"author":2,"featured_media":0,"comment_status":"closed","ping_status":"closed","sticky":false,"template":"","format":"standard","meta":{"footnotes":""},"categories":[148,147,146,145],"tags":[194,195,196,197,198,199,200,201,202,203],"class_list":["post-603","post","type-post","status-publish","format-standard","hentry","category-personnel-administration","category-taxes","category-unkategorisiert","category-corporates-and-foundations","tag-ausbildungskosten","tag-ausbildungskosten-abzugsfaehig","tag-ausbildungskosten-lohnbestandteil","tag-lohnausweis","tag-steuern-ausbildungskosten","tag-steuern-weiterbildungskosten","tag-umschulungskosten","tag-weiterbidlungskosten-lohnbestandteil","tag-weiterbildungskosten","tag-weiterbildungskosten-abzugsfaehig"],"_links":{"self":[{"href":"https:\/\/rewisco.com\/en\/wp-json\/wp\/v2\/posts\/603","targetHints":{"allow":["GET"]}}],"collection":[{"href":"https:\/\/rewisco.com\/en\/wp-json\/wp\/v2\/posts"}],"about":[{"href":"https:\/\/rewisco.com\/en\/wp-json\/wp\/v2\/types\/post"}],"author":[{"embeddable":true,"href":"https:\/\/rewisco.com\/en\/wp-json\/wp\/v2\/users\/2"}],"replies":[{"embeddable":true,"href":"https:\/\/rewisco.com\/en\/wp-json\/wp\/v2\/comments?post=603"}],"version-history":[{"count":2,"href":"https:\/\/rewisco.com\/en\/wp-json\/wp\/v2\/posts\/603\/revisions"}],"predecessor-version":[{"id":7327,"href":"https:\/\/rewisco.com\/en\/wp-json\/wp\/v2\/posts\/603\/revisions\/7327"}],"wp:attachment":[{"href":"https:\/\/rewisco.com\/en\/wp-json\/wp\/v2\/media?parent=603"}],"wp:term":[{"taxonomy":"category","embeddable":true,"href":"https:\/\/rewisco.com\/en\/wp-json\/wp\/v2\/categories?post=603"},{"taxonomy":"post_tag","embeddable":true,"href":"https:\/\/rewisco.com\/en\/wp-json\/wp\/v2\/tags?post=603"}],"curies":[{"name":"wp","href":"https:\/\/api.w.org\/{rel}","templated":true}]}}