{"id":616,"date":"2016-04-29T21:06:44","date_gmt":"2016-04-29T21:06:44","guid":{"rendered":"http:\/\/rewisco.com\/?p=616"},"modified":"2024-12-09T12:36:21","modified_gmt":"2024-12-09T11:36:21","slug":"revidierte-expatriates-verordnung-expav-ab-2016","status":"publish","type":"post","link":"https:\/\/rewisco.com\/en\/2016\/04\/29\/revidierte-expatriates-verordnung-expav-ab-2016\/","title":{"rendered":"Revidierte Expatriates-Verordnung (ExpaV) ab 2016"},"content":{"rendered":"<p><span style=\"font-family: arial, helvetica, sans-serif;\">Die Expatriates-Verordnung wurde mit Wirkung zum 1. Januar 2016 revidiert. Expatriates sowie deren Abz\u00fcge werden genauer spezifiziert. Als Expatriates gelten leitende Angestellten und nun auch Spezialisten, die von ihrem ausl\u00e4ndischen Arbeitgeber vor\u00fcbergehend (h\u00f6chstens 5 Jahre) in die Schweiz entsandt werden.<\/span><\/p>\n<p><span style=\"font-family: arial, helvetica, sans-serif;\">Bez\u00fcglich der Abz\u00fcge gilt unter anderem:<\/span><\/p>\n<p><span style=\"font-family: arial, helvetica, sans-serif;\">\u00b7\u00a0\u00a0\u00a0\u00a0\u00a0\u00a0\u00a0\u00a0 Wohnkosten von Expatriates sind nur abzugsf\u00e4hig, wenn eine Wohnung im Ausland f\u00fcr den Eigengebrauch st\u00e4ndig beibehalten wird.<\/span><\/p>\n<p><span style=\"font-family: arial, helvetica, sans-serif;\">\u00b7\u00a0\u00a0\u00a0\u00a0\u00a0\u00a0\u00a0\u00a0 Kosten f\u00fcr den Umzug k\u00f6nnen nur dann abgezogen werden, wenn sie in direktem Zusammenhang mit dem Umzug stehen.<\/span><\/p>\n<p><span style=\"font-family: arial, helvetica, sans-serif;\">\u00b7\u00a0\u00a0\u00a0\u00a0\u00a0\u00a0\u00a0\u00a0 Die Kosten f\u00fcr privaten Schulunterricht sind f\u00fcr minderj\u00e4hrige, fremdsprachige Kinder an einer fremdsprachigen Privatschule nur noch abziehbar, sofern die \u00f6ffentlichen Schulen keinen Unterricht in deren Sprache anbieten. Kosten f\u00fcr die Verpflegung, den Transport oder die Betreuung vor und nach dem Unterricht sind jedoch nicht abzugsf\u00e4hig.<\/span><\/p>\n<p><span style=\"font-family: arial, helvetica, sans-serif;\">Massgeblich ist die entsprechende Verordnung. Bei diesbez\u00fcglichen Fragen stehen wir gerne zur Verf\u00fcgung.<\/span><\/p>","protected":false},"excerpt":{"rendered":"<p>Die Expatriates-Verordnung wurde mit Wirkung zum 1. Januar 2016 revidiert. Expatriates sowie deren Abz\u00fcge werden genauer spezifiziert. Als Expatriates gelten leitende Angestellten und nun auch Spezialisten, die von ihrem ausl\u00e4ndischen Arbeitgeber vor\u00fcbergehend (h\u00f6chstens 5 Jahre) in die Schweiz entsandt werden. Bez\u00fcglich der Abz\u00fcge gilt unter anderem: \u00b7\u00a0\u00a0\u00a0\u00a0\u00a0\u00a0\u00a0\u00a0 Wohnkosten von Expatriates sind nur abzugsf\u00e4hig, wenn eine&#8230;<\/p>","protected":false},"author":2,"featured_media":0,"comment_status":"closed","ping_status":"closed","sticky":false,"template":"","format":"standard","meta":{"footnotes":""},"categories":[148,2,147],"tags":[211,212,213,214,215,216,217],"class_list":["post-616","post","type-post","status-publish","format-standard","hentry","category-personnel-administration","category-individuals-and-family-offices","category-taxes","tag-abzug-wohnkosten","tag-abzugskosten-schule","tag-abzugskosten-schulunterricht","tag-expat","tag-expatriate","tag-expatriates","tag-permanenter-aufenthalt"],"_links":{"self":[{"href":"https:\/\/rewisco.com\/en\/wp-json\/wp\/v2\/posts\/616","targetHints":{"allow":["GET"]}}],"collection":[{"href":"https:\/\/rewisco.com\/en\/wp-json\/wp\/v2\/posts"}],"about":[{"href":"https:\/\/rewisco.com\/en\/wp-json\/wp\/v2\/types\/post"}],"author":[{"embeddable":true,"href":"https:\/\/rewisco.com\/en\/wp-json\/wp\/v2\/users\/2"}],"replies":[{"embeddable":true,"href":"https:\/\/rewisco.com\/en\/wp-json\/wp\/v2\/comments?post=616"}],"version-history":[{"count":3,"href":"https:\/\/rewisco.com\/en\/wp-json\/wp\/v2\/posts\/616\/revisions"}],"predecessor-version":[{"id":7325,"href":"https:\/\/rewisco.com\/en\/wp-json\/wp\/v2\/posts\/616\/revisions\/7325"}],"wp:attachment":[{"href":"https:\/\/rewisco.com\/en\/wp-json\/wp\/v2\/media?parent=616"}],"wp:term":[{"taxonomy":"category","embeddable":true,"href":"https:\/\/rewisco.com\/en\/wp-json\/wp\/v2\/categories?post=616"},{"taxonomy":"post_tag","embeddable":true,"href":"https:\/\/rewisco.com\/en\/wp-json\/wp\/v2\/tags?post=616"}],"curies":[{"name":"wp","href":"https:\/\/api.w.org\/{rel}","templated":true}]}}