{"id":7483,"date":"2025-09-29T01:51:10","date_gmt":"2025-09-28T23:51:10","guid":{"rendered":"https:\/\/rewisco.com\/?p=7483"},"modified":"2025-11-23T01:51:27","modified_gmt":"2025-11-23T00:51:27","slug":"eigenmietwert-zuerich-kanton-verzichtet-auf-geplante-erhoehung","status":"publish","type":"post","link":"https:\/\/rewisco.com\/en\/2025\/09\/29\/eigenmietwert-zuerich-kanton-verzichtet-auf-geplante-erhoehung\/","title":{"rendered":"Eigenmietwert Z\u00fcrich: Kanton verzichtet auf geplante Erh\u00f6hung"},"content":{"rendered":"<p><span style=\"font-size: 12pt;\"><strong>Das Wichtigste vorweg<\/strong><\/span><\/p>\n<p><span style=\"font-size: 12pt;\">Die Z\u00fcrcher Finanzdirektion will die bereits beschlossene Erh\u00f6hung der Eigenmietwerte nicht umsetzen. F\u00fcr Eigent\u00fcmerinnen und Eigent\u00fcmer bestehender Liegenschaften bedeutet das: keine zus\u00e4tzliche Belastung und mehr Planungssicherheit.<\/span><\/p>\n<br \/>\n<p><span style=\"font-size: 12pt;\"><strong>Was ist passiert?<\/strong><\/span><\/p>\n<p><span style=\"font-size: 12pt;\">Aufgrund des Volksentscheids vom 28. September 2025 will die Finanzdirektion auf die Erh\u00f6hung der Eigenmietwerte im Kanton Z\u00fcrich verzichten.<\/span><\/p>\n<br \/>\n<p><span style=\"font-size: 12pt;\"><strong>Was bedeutet das?<\/strong><\/span><\/p>\n<p><span style=\"font-size: 12pt;\"><strong>Bestehende Liegenschaften (Baujahr bis 2025)<\/strong><\/span><\/p>\n<p><span style=\"font-size: 12pt;\">Die aktuellen, tieferen Eigenmietwerte bleiben bis zur bundesweiten Abschaffung bestehen.<\/span><\/p>\n<br \/>\n<p><span style=\"font-size: 12pt;\"><strong>Neubauten ab 2026<\/strong><\/span><\/p>\n<p><span style=\"font-size: 12pt;\">F\u00fcr neue Objekte gelten weiterhin die h\u00f6heren Werte gem\u00e4ss neuer Regelung; ein zus\u00e4tzlicher Abzug soll die Belastung reduzieren.<\/span><\/p>\n<br \/>\n<p><span style=\"font-size: 12pt;\"><strong>Verm\u00f6genssteuer<\/strong><\/span><\/p>\n<p><span style=\"font-size: 12pt;\">Die neuen Verm\u00f6genssteuerwerte ab 2026 bleiben davon unber\u00fchrt.<\/span><\/p>\n<br \/>\n<p><span style=\"font-size: 12pt;\"><strong>Was sollten Sie jetzt tun?<\/strong><\/span><\/p>\n<ul>\n<li><span style=\"font-size: 12pt;\">Bestehende Eigent\u00fcmer:innen: Weiterhin mit den bisherigen Werten planen.<\/span><\/li>\n<li><span style=\"font-size: 12pt;\">Neubauten\/K\u00e4ufe ab 2026: Steuerliche Auswirkungen individuell pr\u00fcfen.<\/span><\/li>\n<li><span style=\"font-size: 12pt;\">Entwicklungen der Bundesl\u00f6sung und kantonale Anpassungen beobachten.<\/span><\/li>\n<\/ul>\n<br \/>\n<p><span style=\"font-size: 12pt;\"><strong>Hinweis<\/strong><\/span><\/p>\n<p><span style=\"font-size: 12pt;\">Dieser Newsletter stellt keine steuerliche oder rechtliche Beratung dar und ersetzt keine individuelle Beurteilung durch Fachpersonen.<\/span><\/p>\n<br \/>\n<p><span style=\"font-size: 12pt;\"><strong>Quelle<\/strong><\/span><\/p>\n<p><span style=\"font-size: 12pt;\">https:\/\/www.zh.ch\/de\/news-uebersicht\/medienmitteilungen\/2025\/09\/eigenmietwert-finanzdirektion-strebt-verzicht-auf-erhoehung-an.html<\/span><\/p>","protected":false},"excerpt":{"rendered":"<p>Das Wichtigste vorweg Die Z\u00fcrcher Finanzdirektion will die bereits beschlossene Erh\u00f6hung der Eigenmietwerte nicht umsetzen. F\u00fcr Eigent\u00fcmerinnen und Eigent\u00fcmer bestehender Liegenschaften bedeutet das: keine zus\u00e4tzliche Belastung und mehr Planungssicherheit. Was ist passiert? Aufgrund des Volksentscheids vom 28. September 2025 will die Finanzdirektion auf die Erh\u00f6hung der Eigenmietwerte im Kanton Z\u00fcrich verzichten. Was bedeutet das? Bestehende&#8230;<\/p>","protected":false},"author":2,"featured_media":0,"comment_status":"closed","ping_status":"closed","sticky":false,"template":"","format":"standard","meta":{"footnotes":""},"categories":[515,2,147,145],"tags":[289,290,360,293,399,541,76,544,543,78,72,526,168,295,495,527,504,542,546,545],"class_list":["post-7483","post","type-post","status-publish","format-standard","hentry","category-buchhaltung","category-individuals-and-family-offices","category-taxes","category-corporates-and-foundations","tag-accounting","tag-auditing","tag-buchhaltung","tag-chartered-accountant-switzerland","tag-comptabilite","tag-eigenmietwert","tag-eingeschraenkte-revision","tag-ersatzbeschaffung","tag-grundstueckgewinnsteuer","tag-ordentliche-revision","tag-revision","tag-steuerabzuege","tag-steuererklaerung","tag-steuern","tag-steuerplanung","tag-steuervorteile","tag-tax-planning","tag-vermoegenssteuer","tag-werterhalt","tag-wertvermehrung"],"_links":{"self":[{"href":"https:\/\/rewisco.com\/en\/wp-json\/wp\/v2\/posts\/7483","targetHints":{"allow":["GET"]}}],"collection":[{"href":"https:\/\/rewisco.com\/en\/wp-json\/wp\/v2\/posts"}],"about":[{"href":"https:\/\/rewisco.com\/en\/wp-json\/wp\/v2\/types\/post"}],"author":[{"embeddable":true,"href":"https:\/\/rewisco.com\/en\/wp-json\/wp\/v2\/users\/2"}],"replies":[{"embeddable":true,"href":"https:\/\/rewisco.com\/en\/wp-json\/wp\/v2\/comments?post=7483"}],"version-history":[{"count":1,"href":"https:\/\/rewisco.com\/en\/wp-json\/wp\/v2\/posts\/7483\/revisions"}],"predecessor-version":[{"id":7484,"href":"https:\/\/rewisco.com\/en\/wp-json\/wp\/v2\/posts\/7483\/revisions\/7484"}],"wp:attachment":[{"href":"https:\/\/rewisco.com\/en\/wp-json\/wp\/v2\/media?parent=7483"}],"wp:term":[{"taxonomy":"category","embeddable":true,"href":"https:\/\/rewisco.com\/en\/wp-json\/wp\/v2\/categories?post=7483"},{"taxonomy":"post_tag","embeddable":true,"href":"https:\/\/rewisco.com\/en\/wp-json\/wp\/v2\/tags?post=7483"}],"curies":[{"name":"wp","href":"https:\/\/api.w.org\/{rel}","templated":true}]}}